{"id":2249,"date":"2019-12-04T17:02:59","date_gmt":"2019-12-04T16:02:59","guid":{"rendered":"https:\/\/www.ideology.sk\/?p=2249"},"modified":"2021-03-01T18:48:44","modified_gmt":"2021-03-01T17:48:44","slug":"sirit-rovnost","status":"publish","type":"post","link":"https:\/\/www.ideology.sk\/en\/2019\/12\/sirit-rovnost\/","title":{"rendered":"\u0160\u00edri\u0165 rovnos\u0165"},"content":{"rendered":"<p class=\"has-small-font-size\">Zd\u00e1 sa, \u017ee dok\u00e1\u017eeme dobre pop\u00edsa\u0165, ako sa \u0161\u00edri idea, m\u00fdtus a viera. M\u00e1me te\u00f3riu siet\u00ed, ktor\u00e1 hovor\u00ed o&nbsp;sp\u00e1jan\u00ed do \u201eskup\u00edn vern\u00fdch\u201c. \u013dudia, ktor\u00ed \u0161\u00edria m\u00fdty, sa za hranicu vlastnej skupiny dost\u00e1vaj\u00fa, ke\u010f ako nositelia v\u00fdznamov dok\u00e1\u017eu vykro\u010di\u0165 mimo vlastnej soci\u00e1lnej bubliny (a udr\u017ea\u0165 m\u00fdtus pod n\u00e1tlakom ostatn\u00fdch).<\/p>\n\n\n\n<!--more-->\n\n\n\n<p class=\"has-small-font-size\">Te\u00f3ria adapt\u00e1cie zase pracuje s&nbsp;procesom prisp\u00f4sobovania ide\u00ed, aby zodpovedali vlastn\u00e9mu sveton\u00e1zoru alebo vy\u0161\u0161iemu cie\u013eu. Ak \u013eudia \u017eij\u00fa pr\u00edbuzn\u00fdmi hodnotami, je pravdepodobn\u00e9, \u017ee bud\u00fa ochotn\u00ed prisp\u00f4sobi\u0165 ich v&nbsp;z\u00e1ujme posilnenia spolo\u010dn\u00e9ho, \u0161ir\u0161ieho narat\u00edvu. (Nacionalisti, domobrana, polovojensk\u00e9 zdru\u017eenia ale aj viacer\u00ed ochran\u00e1ri pr\u00edrody \u010di \u201epravovern\u00ed kres\u0165ania&#8220; sa takto dok\u00e1zali zjednoti\u0165 pod o\u017eivenou v\u0161eslovanskou vz\u00e1jomnos\u0165ou.)<\/p>\n\n\n\n<p class=\"has-small-font-size\">Te\u00f3ria vyhra\u0148ovania sa je \u010fal\u0161ou v rade vysvetlen\u00ed. Pod\u013ea nej soci\u00e1lne deprivovan\u00ed (prehliadan\u00ed) \u013eudia \u010dakaj\u00fa na podnet, ktor\u00fd ich motivuje zvoli\u0165 si protiklad o\u010dak\u00e1van\u00e9ho spr\u00e1vania, a preuk\u00e1za\u0165 tak vlastn\u00fa v\u00fdznamnos\u0165 resp. kompenzova\u0165 depriv\u00e1ciu. (Mari\u00e1n Kotleba sa v&nbsp;Banskobystrickej \u017eupe dostal k&nbsp;moci po tom, \u010do vtedaj\u0161\u00ed premi\u00e9r vyhl\u00e1sil, \u017ee \u201eKotlebu poraz\u00ed aj vrece zemiakov.\u201c Zdanlivo najlep\u0161\u00edm sp\u00f4sobom, ako vyjadri\u0165 odpor vo\u010di premi\u00e9rovej ignorancii, bolo \u201enatrie\u0165 mu to\u201c (bez oh\u013eadu na d\u00f4sledky) &#8211; a tak si voli\u010di zvolili pr\u00e1ve Kotlebu.)<\/p>\n\n\n\n<p class=\"has-small-font-size\">M\u00e1me dos\u0165 pr\u00edstupov, ktor\u00e9 vysvet\u013euj\u00fa \u201eako sa to \u0161\u00edri\u201c, tu je iba nieko\u013eko z nich. M\u00e1lo v\u0161ak pracujeme s&nbsp;t\u00fdmi, ktor\u00e9 vysvet\u013euj\u00fa \u201e\u010do sa to \u0161\u00edri\u201c (a pre\u010do), a&nbsp;to je na \u0161kodu veci. M\u00fdtus s\u00e1m o sebe je v\u00fdznamovo rovnocenn\u00fd \u010di ho hodnot\u00edme kladne alebo z\u00e1porne &#8211; \u010di ide o m\u00fdtus n\u00e1rodn\u00e9ho protekcionizmu alebo multikulturalizmu. Na\u0161e presved\u010denie o u\u017eito\u010dn\u00fdch a&nbsp;\u0161kodliv\u00fdch my\u0161lienkach n\u00e1s prirodzene zv\u00e1dza k moralizovaniu. To v\u0161ak mus\u00edme odlo\u017ei\u0165, pokia\u013e chceme pracova\u0165 na kult\u00farnej zmene inak, ne\u017e silou.<\/p>\n\n\n\n<p class=\"has-small-font-size\">Uniforma gardistov je povrchov\u00e1, estetick\u00e1 reprezent\u00e1cia m\u00fdtu, ktor\u00fd sa s\u00e1m ukr\u00fdva hlb\u0161ie: je to viera, \u017ee \u013eudia si nie s\u00fa rovn\u00ed. S\u00fa, samozrejme. Stoj\u00ed na tom ak\u00e1ko\u013evek predstava demokratick\u00e9ho poriadku. No \u017eia\u013e v\u0161eobecne v\u00f4bec neplat\u00ed, \u017ee \u013eu\u010fmi ka\u017edodenne lomcuje t\u00fa\u017eba &#8222;by\u0165 si rovn\u00ed s ostatn\u00fdmi&#8220; resp. &#8222;oslavova\u0165 rovnos\u0165&#8220;. Nie, ka\u017edodennos\u0165 je omnoho praktickej\u0161ia. Ale z \u010dasu na \u010das sa objav\u00ed pr\u00edle\u017eitos\u0165, kedy je mo\u017en\u00e9 ju naru\u0161i\u0165 a polo\u017ei\u0165 ot\u00e1zku, \u010di e\u0161te ver\u00edme, \u017ee \u013eudia s\u00fa si rovn\u00ed, a \u017ee rovnos\u0165 je d\u00f4le\u017eit\u00e1 pre fungovanie spolo\u010dnosti v\u00f4bec. Tou pr\u00edle\u017eitos\u0165ou je volebn\u00e1 kampa\u0148. Ve\u013emi d\u00fafam, \u017ee si t\u00fato ot\u00e1zku polo\u017eia aj politick\u00e9 strany, a v kampani prines\u00fa &#8222;lomcuj\u00facu&#8220; odpove\u010f.<\/p>\n\n\n\n<p class=\"has-small-font-size\">Deklarova\u0165 zmenu nesta\u010d\u00ed. Je to len predpoklad omnoho v\u00e4\u010d\u0161ieho posolstva, ktor\u00e9 politika \u013eu\u010fom m\u00f4\u017ee da\u0165, a ktor\u00e9mu \u013eudia m\u00f4\u017eu veri\u0165.<\/p>","protected":false},"excerpt":{"rendered":"<p>Zd\u00e1 sa, \u017ee dok\u00e1\u017eeme dobre pop\u00edsa\u0165, ako sa \u0161\u00edri idea, m\u00fdtus a viera. M\u00e1me te\u00f3riu siet\u00ed, ktor\u00e1 hovor\u00ed o&nbsp;sp\u00e1jan\u00ed do \u201eskup\u00edn vern\u00fdch\u201c. \u013dudia, ktor\u00ed \u0161\u00edria m\u00fdty, sa za hranicu vlastnej skupiny dost\u00e1vaj\u00fa, ke\u010f ako nositelia v\u00fdznamov dok\u00e1\u017eu vykro\u010di\u0165 mimo vlastnej soci\u00e1lnej bubliny (a udr\u017ea\u0165 m\u00fdtus&hellip; <a class=\"read-more\" href=\"https:\/\/www.ideology.sk\/en\/2019\/12\/sirit-rovnost\/\">Read more<\/a><\/p>","protected":false},"author":2,"featured_media":2894,"comment_status":"closed","ping_status":"closed","sticky":false,"template":"","format":"standard","meta":{"om_disable_all_campaigns":false,"editor_plus_copied_stylings":"{}","_monsterinsights_skip_tracking":false,"_monsterinsights_sitenote_active":false,"_monsterinsights_sitenote_note":"","_monsterinsights_sitenote_category":0,"_jetpack_memberships_contains_paid_content":false,"footnotes":""},"categories":[56],"tags":[130,127,132,128,129,131,46],"class_list":["post-2249","post","type-post","status-publish","format-standard","has-post-thumbnail","hentry","category-blog","tag-adaptacia","tag-extremizmus","tag-mytus","tag-rovnost","tag-teoria-sieti","tag-vyhranenie-sa","tag-vyznam"],"aioseo_notices":[],"jetpack_sharing_enabled":true,"jetpack_featured_media_url":"https:\/\/www.ideology.sk\/wp-content\/uploads\/2021\/03\/015.jpg","_links":{"self":[{"href":"https:\/\/www.ideology.sk\/en\/wp-json\/wp\/v2\/posts\/2249","targetHints":{"allow":["GET"]}}],"collection":[{"href":"https:\/\/www.ideology.sk\/en\/wp-json\/wp\/v2\/posts"}],"about":[{"href":"https:\/\/www.ideology.sk\/en\/wp-json\/wp\/v2\/types\/post"}],"author":[{"embeddable":true,"href":"https:\/\/www.ideology.sk\/en\/wp-json\/wp\/v2\/users\/2"}],"replies":[{"embeddable":true,"href":"https:\/\/www.ideology.sk\/en\/wp-json\/wp\/v2\/comments?post=2249"}],"version-history":[{"count":0,"href":"https:\/\/www.ideology.sk\/en\/wp-json\/wp\/v2\/posts\/2249\/revisions"}],"wp:featuredmedia":[{"embeddable":true,"href":"https:\/\/www.ideology.sk\/en\/wp-json\/wp\/v2\/media\/2894"}],"wp:attachment":[{"href":"https:\/\/www.ideology.sk\/en\/wp-json\/wp\/v2\/media?parent=2249"}],"wp:term":[{"taxonomy":"category","embeddable":true,"href":"https:\/\/www.ideology.sk\/en\/wp-json\/wp\/v2\/categories?post=2249"},{"taxonomy":"post_tag","embeddable":true,"href":"https:\/\/www.ideology.sk\/en\/wp-json\/wp\/v2\/tags?post=2249"}],"curies":[{"name":"wp","href":"https:\/\/api.w.org\/{rel}","templated":true}]}}