{"id":3268,"date":"2021-03-19T12:07:07","date_gmt":"2021-03-19T11:07:07","guid":{"rendered":"https:\/\/www.ideology.sk\/?p=3268"},"modified":"2021-03-20T13:48:34","modified_gmt":"2021-03-20T12:48:34","slug":"zazit-si-monitor-9-v-kozi-nadaneho-aspergera","status":"publish","type":"post","link":"https:\/\/www.ideology.sk\/en\/2021\/03\/zazit-si-monitor-9-v-kozi-nadaneho-aspergera\/","title":{"rendered":"Za\u017ei\u0165 si Monitor 9 v ko\u017ei nadan\u00e9ho aspergera"},"content":{"rendered":"<p><strong>Pozn\u00e1te tak\u00fd vtip, \u017ee autizmus a o\u010dkovanie spolu predsalen s\u00favisia \u2013 keby nebolo \u013eud\u00ed na spektre, nikto by vakc\u00ednu nevymyslel. Medzi \u013eu\u010fmi na spektre s\u00fa \u00fa\u017easn\u00e9 hlavi\u010dky. A tieto hlavi\u010dky by mo\u017eno nezvl\u00e1dli monitor 9 na konci na\u0161ej z\u00e1kladnej \u0161koly. Ke\u010f im v\u0161ak d\u00e1me \u0161ancu \u00eds\u0165 \u010falej, vymyslia v\u0161eli\u010do, napr\u00edklad vakc\u00ednu.<\/strong><\/p>\n\n\n\n<p>Prebieha diskusia o tom, \u010di je testovanie monitor 9 vlastne a\u017e tak n\u00e1ro\u010dn\u00e1 podmienka prechodu na stredn\u00fa \u0161kolu &#8211; ve\u010f to tie deti ur\u010dite daj\u00fa. <a rel=\"noreferrer noopener\" href=\"https:\/\/www.peticie.com\/nehadzme_detom_polena_pod_nohy_2_-_hromadna_pripomienka?fbclid=IwAR3r82WE4MIPqosOZSEZ6EawSyK5B3s-3XcxzABT6dYSYcdVUIh1IN_6gKc\" target=\"_blank\">Tu n\u00e1jdete pet\u00edciu<\/a>, ktor\u00e1 upozor\u0148uje na pripravovan\u00fd z\u00e1kon o podmie\u0148ovan\u00ed prechodu det\u00ed na stredn\u00fa \u0161kolu v\u00fdsledkom z monitoru 9. Nebudem tu sumarizova\u0165 sk\u00fasenosti, \u010di poznatky in\u00fdch u\u010dite\u013eov, rodi\u010dov, \u017eiakov, psychol\u00f3gov a pod&#8230; tie chvalabohu zaznievaj\u00fa.<\/p>\n\n\n\n<p>Chcem ich doplni\u0165 o na\u0161e pre\u017e\u00edvanie, uk\u00e1za\u0165, pre\u010do m\u00f4\u017ee by\u0165 monitor n\u00e1ro\u010dn\u00e1 podmienka pre jedno konkr\u00e9tne die\u0165a s ve\u013ek\u00fdmi rozumov\u00fdmi schopnos\u0165ami a Aspergerom. Pre\u010do tento monitor m\u00f4\u017ee vyl\u00fa\u010di\u0165 zo vzdel\u00e1vania die\u0165a, ktor\u00e9 na vzdel\u00e1vanie m\u00e1. Sk\u00fasim v\u00e1m sprostredkova\u0165 z\u00e1\u017eitok:<\/p>\n\n\n\n<p><strong>1. Je pred vami \u00faloha, ktorej zadanie m\u00e1 na prv\u00fd poh\u013ead asi 5 r\u00f4znych interpret\u00e1ci\u00ed, na druh\u00fd poh\u013ead ich v\u0161etky spochybn\u00edte, ka\u017ed\u00e1 m\u00e1 trhlinu. Za\u010d\u00edna panika, ale nevzd\u00e1vate sa. <\/strong>Nie je v\u00e1m jasn\u00e9, kde \u00faloha kon\u010d\u00ed, kde za\u010d\u00edna a je ich tam to\u013eko&#8230;neviete na \u010do z toho, \u010do je nap\u00edsan\u00e9 sa vlastne p\u00fdtaj\u00fa. H\u013ead\u00e1te st\u00e1le dokola, ktor\u00e1 interpret\u00e1cia je t\u00e1 najpravdepodobnej\u0161ia. Str\u00e1cate sa, uva\u017eujete nad v\u0161etk\u00fdmi konkr\u00e9tnymi \u00falohami, ktor\u00e9 ste kedy vyplnili &#8211; na ktor\u00fa sa podob\u00e1? Ako je myslen\u00e9 slovo XY a pre\u010do nepovedali, \u010di Jo\u017eko i\u0161iel do obchodu pe\u0161o, alebo autobusom? \u010ci r\u00fdchlos\u0165 nie je s\u00fa\u010das\u0165ou \u00falohy?<\/p>\n\n\n\n<p>U\u017e to trochu c\u00edtite? V\u00e1m sa s va\u0161ou optikou zd\u00e1 \u00faloha ban\u00e1lna. Pre tak\u00e9to die\u0165a z podstaty fungovania jeho mozgu, ban\u00e1lna ani nevie by\u0165! Asperger a ve\u013ek\u00e9 rozumov\u00e9 schopnosti s\u00fa nepriate\u013e \u00faloh, ktor\u00e9 vymyslel niekto in\u00fd. Na testovan\u00ed sa m\u00f4\u017ee zasekn\u00fa\u0165 na prvom pr\u00edklade a tam aj skon\u010di\u0165. A nema\u013eujem \u010derta na stenu, ja t\u00fdm \u017eijem ka\u017edodenne a viem to realisticky odhadn\u00fa\u0165. Aj preto, lebo je tu e\u0161te bod 2.<\/p>\n\n\n\n<p><strong>2. Predstavte si, \u017ee m\u00e1te pop\u00e1len\u00fa ko\u017eu a niekto sa jej dotkne. Dotyk bol\u00ed! To je ilustr\u00e1cia vn\u00edmania a c\u00edtenia tak\u00e9hoto die\u0165a\u0165a, ono je pop\u00e1len\u00e9 24 hod\u00edn \u2013 emo\u010dne aj zmyslovo. <\/strong>\u010casov\u00fd tlak? Tlak tot\u00e1lne ur\u010duj\u00faceho testu, ktor\u00fd rozhodne bu\u010f-alebo? To je to ist\u00e9, ako ke\u010f na pop\u00e1leninu prilo\u017e\u00edte hor\u00facu \u017eehli\u010dku. Sk\u00faste vtedy nie\u010do popo\u010d\u00edta\u0165, zodpoveda\u0165 kv\u00edz v telke.<\/p>\n\n\n\n<p>Tieto dva z\u00e1\u017eitky s\u00fa za\u010diatok, prv\u00fd moment. So v\u0161etk\u00fdm sa d\u00e1 pracova\u0165. A my aj s citom pracujeme. Viete, mohli by sme si na\u0161e deti cel\u00fa Z\u0160 tr\u00e9nova\u0165, aby toto jednoducho zvl\u00e1dli. Aby to dok\u00e1zali. Ako dobre tr\u00e9novan\u00e9 kone. Ani tak by v\u00fdsledok nebol ist\u00fd, aj ten najlep\u0161\u00ed k\u00f4\u0148 sa m\u00f4\u017ee vo fin\u00e1le zasekn\u00fa\u0165, ale mo\u017eno by to \u0161lo.<\/p>\n\n\n\n<p>Ale ja t\u00fdmto Otisove detstvo plni\u0165 nechcem. Nebude \u017ei\u0165 a u\u010di\u0165 sa preto, aby dok\u00e1zal, \u017ee m\u00e1 na testovanie monitor 9. Ja m\u00e1m zodpovednos\u0165 pripravi\u0165 ho na to, aby vedel \u017ei\u0165. Samostatne, \u0161\u0165astne, zmysluplne, s t\u00fdm \u010do vie robi\u0165 a rob\u00ed r\u00e1d, s \u013eu\u010fmi, s ktor\u00fdmi sa c\u00edti bezpe\u010dne, krok za krokom, s cie\u013eom by\u0165 aspo\u0148 trochu v pohode. A ke\u010f chce niekto preveri\u0165 jeho vedomosti, jedin\u00e1 cesta ako to urobi\u0165 je da\u0165 mu priestor a viest s n\u00edm rozhovor, sledova\u0165 jeho myslenie, necha\u0165 ho tvori\u0165 a diskutova\u0165 o rie\u0161eniach. Potom v\u00e1m ani nenapadne, \u017ee nepatr\u00ed na stredn\u00fa \u0161kolu, budete po\u010d\u00fava\u0165 s otvoren\u00fdmi \u00fastami.<\/p>\n\n\n\n<p>Neviem, \u010di \u013eudia, ktor\u00ed tieto z\u00e1kony schva\u013euj\u00fa toto vedia. Bodaj by to vedeli, aby sme o p\u00e1r rokov nemuseli \u0161tartova\u0165 na\u0161u nekone\u010dn\u00fa vynaliezavos\u0165 a h\u013eada\u0165 pre syna \u0161kolu niekde na druhej polovici zemegule, kde toto u\u017e maj\u00fa vyrie\u0161en\u00e9. Ak ste e\u0161te nepodp\u00edsali, podp\u00ed\u0161te. V\u010faka!&nbsp;<\/p>\n\n\n\n<p><a href=\"https:\/\/www.facebook.com\/hashtag\/detibeznavodu?__eep__=6&amp;__tn__=*NK*F\">#detibeznavodu<\/a><a href=\"https:\/\/www.facebook.com\/hashtag\/neurodiverzita?__eep__=6&amp;__tn__=*NK*F\"> #neurodiverzita<\/a><\/p>","protected":false},"excerpt":{"rendered":"<p>Pozn\u00e1te tak\u00fd vtip, \u017ee autizmus a o\u010dkovanie spolu predsalen s\u00favisia \u2013 keby nebolo \u013eud\u00ed na spektre, nikto by vakc\u00ednu nevymyslel. Medzi \u013eu\u010fmi na spektre s\u00fa \u00fa\u017easn\u00e9 hlavi\u010dky. A tieto hlavi\u010dky by mo\u017eno nezvl\u00e1dli monitor 9 na konci na\u0161ej z\u00e1kladnej \u0161koly. Ke\u010f im v\u0161ak d\u00e1me \u0161ancu&hellip; <a class=\"read-more\" href=\"https:\/\/www.ideology.sk\/en\/2021\/03\/zazit-si-monitor-9-v-kozi-nadaneho-aspergera\/\">Read more<\/a><\/p>","protected":false},"author":3,"featured_media":3269,"comment_status":"closed","ping_status":"open","sticky":false,"template":"","format":"standard","meta":{"om_disable_all_campaigns":false,"editor_plus_copied_stylings":"{}","_monsterinsights_skip_tracking":false,"_monsterinsights_sitenote_active":false,"_monsterinsights_sitenote_note":"","_monsterinsights_sitenote_category":0,"_jetpack_memberships_contains_paid_content":false,"footnotes":""},"categories":[56],"tags":[195,197,168,259,260],"class_list":["post-3268","post","type-post","status-publish","format-standard","has-post-thumbnail","hentry","category-blog","tag-asperger","tag-deti-bez-navodu","tag-neurodiverzita","tag-zazitok","tag-zmysly"],"aioseo_notices":[],"jetpack_sharing_enabled":true,"jetpack_featured_media_url":"https:\/\/www.ideology.sk\/wp-content\/uploads\/2021\/03\/Dizajn-bez-nazvu.jpg","_links":{"self":[{"href":"https:\/\/www.ideology.sk\/en\/wp-json\/wp\/v2\/posts\/3268","targetHints":{"allow":["GET"]}}],"collection":[{"href":"https:\/\/www.ideology.sk\/en\/wp-json\/wp\/v2\/posts"}],"about":[{"href":"https:\/\/www.ideology.sk\/en\/wp-json\/wp\/v2\/types\/post"}],"author":[{"embeddable":true,"href":"https:\/\/www.ideology.sk\/en\/wp-json\/wp\/v2\/users\/3"}],"replies":[{"embeddable":true,"href":"https:\/\/www.ideology.sk\/en\/wp-json\/wp\/v2\/comments?post=3268"}],"version-history":[{"count":0,"href":"https:\/\/www.ideology.sk\/en\/wp-json\/wp\/v2\/posts\/3268\/revisions"}],"wp:featuredmedia":[{"embeddable":true,"href":"https:\/\/www.ideology.sk\/en\/wp-json\/wp\/v2\/media\/3269"}],"wp:attachment":[{"href":"https:\/\/www.ideology.sk\/en\/wp-json\/wp\/v2\/media?parent=3268"}],"wp:term":[{"taxonomy":"category","embeddable":true,"href":"https:\/\/www.ideology.sk\/en\/wp-json\/wp\/v2\/categories?post=3268"},{"taxonomy":"post_tag","embeddable":true,"href":"https:\/\/www.ideology.sk\/en\/wp-json\/wp\/v2\/tags?post=3268"}],"curies":[{"name":"wp","href":"https:\/\/api.w.org\/{rel}","templated":true}]}}