{"id":3410,"date":"2021-06-18T14:10:09","date_gmt":"2021-06-18T12:10:09","guid":{"rendered":"https:\/\/www.ideology.sk\/?p=3410"},"modified":"2021-06-18T14:36:24","modified_gmt":"2021-06-18T12:36:24","slug":"beznavodu-nazivo-s-ludmi-s-aspergerovym-syndromom-a-autizmom-je-na-svete","status":"publish","type":"post","link":"https:\/\/www.ideology.sk\/en\/2021\/06\/beznavodu-nazivo-s-ludmi-s-aspergerovym-syndromom-a-autizmom-je-na-svete\/","title":{"rendered":"#bezn\u00e1vodu &#8211; na\u017eivo s \u013eu\u010fmi s Aspergerov\u00fdm syndr\u00f3mom a autizmom je na svete!"},"content":{"rendered":"<p class=\"has-small-font-size\">S rados\u0165ou a hrdos\u0165ou V\u00e1m chceme uk\u00e1za\u0165 na\u0161u najnov\u0161iu spolupr\u00e1cu &#8211; <a href=\"http:\/\/beznavodu.sk\" target=\"_blank\" rel=\"noreferrer noopener\">port\u00e1l a magaz\u00edn #bezn\u00e1vodu &#8211; na\u017eivo s \u013eu\u010fmi s Aspergerov\u00fdm syndr\u00f3mom a autizmom. <\/a><\/p>\n\n\n\n<p class=\"has-small-font-size\">#bezn\u00e1vodu in\u0161piruje k vz\u00e1jomn\u00e9mu spozn\u00e1vaniu a tvor\u00ed bezpe\u010dn\u00e9 miesto zdie\u013eania sk\u00fasenost\u00ed \u013eud\u00ed s Aspergerov\u00fdm syndr\u00f3mom a autizmom. Prin\u00e1\u0161ame \u013eudskos\u0165, rados\u0165, tvorivos\u0165 a hrdos\u0165 do sveta, ktor\u00fd je za\u0165a\u017een\u00fd zd\u00f4raz\u0148ovan\u00edm poruchovosti a dysfunk\u010dnosti.<\/p>\n\n\n\n<div style=\"height:29px\" aria-hidden=\"true\" class=\"wp-block-spacer\"><\/div>\n\n\n\n<p class=\"has-small-font-size\">Identitou nadv\u00e4zujeme na \u00faspe\u0161n\u00fa s\u00e9riu podcastov Deti bez n\u00e1vodu &#8211; rozpr\u00e1vanie nie len o \u0161peci\u00e1lnych de\u0165och s Aspergerov\u00fdm syndr\u00f3mom a autizmom, pos\u00favame sa \u010falej smerom k \u0161ir\u0161ej sk\u00fasenosti, nie len detskej. <strong>#bezn\u00e1vodu vyru\u0161uje, m\u00f4\u017ee by\u0165 nepochopite\u013en\u00e9, nejasn\u00e9 a neortodoxn\u00e9, je emo\u010dne a interpreta\u010dne bohat\u00e9 a nejednozna\u010dn\u00e9. Rozhodne nie je prvopl\u00e1novo p\u00e1\u010div\u00e9, ve\u010f tak\u00e1 je inakos\u0165. <\/strong>Kr\u00e1sne ilustr\u00e1cie ve\u013ekoryso poskytla Petra Lukovicsov\u00e1. <\/p>\n\n\n\n<figure class=\"wp-block-image size-large\"><img loading=\"lazy\" decoding=\"async\" width=\"960\" height=\"720\" src=\"https:\/\/www.ideology.sk\/wp-content\/uploads\/2021\/06\/blog-ideoolgy.jpg\" alt=\"\" class=\"wp-image-3412\" srcset=\"https:\/\/www.ideology.sk\/wp-content\/uploads\/2021\/06\/blog-ideoolgy.jpg 960w, https:\/\/www.ideology.sk\/wp-content\/uploads\/2021\/06\/blog-ideoolgy-300x225.jpg 300w, https:\/\/www.ideology.sk\/wp-content\/uploads\/2021\/06\/blog-ideoolgy-768x576.jpg 768w\" sizes=\"auto, (max-width: 960px) 100vw, 960px\" \/><\/figure>\n\n\n\n<p class=\"has-small-font-size\">Nie n\u00e1hodou tento port\u00e1l z<strong>verej\u0148ujeme 18. j\u00fana, teda na de\u0148 autistickej hrdosti.<\/strong> #bezn\u00e1vodu si d\u00e1va za cie\u013e pon\u00faka\u0165 hrdos\u0165, rados\u0165 a objavovanie pr\u00e1ve v t\u00e9mach Aspergerovho syndr\u00f3mu, autizmu, a v ka\u017edej diverzite. Vznikol v spolupr\u00e1ci s Vierou Hincovou, <a rel=\"noreferrer noopener\" href=\"https:\/\/www.a-centrum.net\/\" target=\"_blank\">A Centrum o.z.<\/a> a bude stabilne pon\u00faka\u0165 obsah z prvej ruky &#8211; teda od \u013eud\u00ed na spektre autizmu. <\/p>\n\n\n\n<p class=\"has-small-font-size\">\u010eakujeme za tieto pr\u00edle\u017eitosti, d\u00e1vaj\u00fa n\u00e1m zmysel, <\/p>\n\n\n\n<p class=\"has-small-font-size\">Krist\u00edna a Jan <\/p>","protected":false},"excerpt":{"rendered":"<p>S rados\u0165ou a hrdos\u0165ou V\u00e1m chceme uk\u00e1za\u0165 na\u0161u najnov\u0161iu spolupr\u00e1cu &#8211; port\u00e1l a magaz\u00edn #bezn\u00e1vodu &#8211; na\u017eivo s \u013eu\u010fmi s Aspergerov\u00fdm syndr\u00f3mom a autizmom. #bezn\u00e1vodu in\u0161piruje k vz\u00e1jomn\u00e9mu spozn\u00e1vaniu a tvor\u00ed bezpe\u010dn\u00e9 miesto zdie\u013eania sk\u00fasenost\u00ed \u013eud\u00ed s Aspergerov\u00fdm syndr\u00f3mom a autizmom. Prin\u00e1\u0161ame \u013eudskos\u0165, rados\u0165, tvorivos\u0165&hellip; <a class=\"read-more\" href=\"https:\/\/www.ideology.sk\/en\/2021\/06\/beznavodu-nazivo-s-ludmi-s-aspergerovym-syndromom-a-autizmom-je-na-svete\/\">Read more<\/a><\/p>","protected":false},"author":3,"featured_media":3413,"comment_status":"closed","ping_status":"open","sticky":false,"template":"","format":"standard","meta":{"om_disable_all_campaigns":false,"editor_plus_copied_stylings":"{}","_monsterinsights_skip_tracking":false,"_monsterinsights_sitenote_active":false,"_monsterinsights_sitenote_note":"","_monsterinsights_sitenote_category":0,"_jetpack_memberships_contains_paid_content":false,"footnotes":""},"categories":[56,247],"tags":[195,194,274,278,275,276,168,260],"class_list":["post-3410","post","type-post","status-publish","format-standard","has-post-thumbnail","hentry","category-blog","category-image","tag-asperger","tag-autizmus","tag-beznavodu","tag-diverzita","tag-hrdost","tag-krasa","tag-neurodiverzita","tag-zmysly"],"aioseo_notices":[],"jetpack_sharing_enabled":true,"jetpack_featured_media_url":"https:\/\/www.ideology.sk\/wp-content\/uploads\/2021\/06\/Ideology.jpg","_links":{"self":[{"href":"https:\/\/www.ideology.sk\/en\/wp-json\/wp\/v2\/posts\/3410","targetHints":{"allow":["GET"]}}],"collection":[{"href":"https:\/\/www.ideology.sk\/en\/wp-json\/wp\/v2\/posts"}],"about":[{"href":"https:\/\/www.ideology.sk\/en\/wp-json\/wp\/v2\/types\/post"}],"author":[{"embeddable":true,"href":"https:\/\/www.ideology.sk\/en\/wp-json\/wp\/v2\/users\/3"}],"replies":[{"embeddable":true,"href":"https:\/\/www.ideology.sk\/en\/wp-json\/wp\/v2\/comments?post=3410"}],"version-history":[{"count":0,"href":"https:\/\/www.ideology.sk\/en\/wp-json\/wp\/v2\/posts\/3410\/revisions"}],"wp:featuredmedia":[{"embeddable":true,"href":"https:\/\/www.ideology.sk\/en\/wp-json\/wp\/v2\/media\/3413"}],"wp:attachment":[{"href":"https:\/\/www.ideology.sk\/en\/wp-json\/wp\/v2\/media?parent=3410"}],"wp:term":[{"taxonomy":"category","embeddable":true,"href":"https:\/\/www.ideology.sk\/en\/wp-json\/wp\/v2\/categories?post=3410"},{"taxonomy":"post_tag","embeddable":true,"href":"https:\/\/www.ideology.sk\/en\/wp-json\/wp\/v2\/tags?post=3410"}],"curies":[{"name":"wp","href":"https:\/\/api.w.org\/{rel}","templated":true}]}}