{"id":3428,"date":"2022-02-15T16:06:48","date_gmt":"2022-02-15T15:06:48","guid":{"rendered":"https:\/\/www.ideology.sk\/?p=3428"},"modified":"2022-02-15T16:06:48","modified_gmt":"2022-02-15T15:06:48","slug":"je-na-svete-prva-skola-bez-navodu","status":"publish","type":"post","link":"https:\/\/www.ideology.sk\/en\/2022\/02\/je-na-svete-prva-skola-bez-navodu\/","title":{"rendered":"The world's first school without the manual"},"content":{"rendered":"<p class=\"has-small-font-size\">The concept of #bez\u00e1vodu, which gave birth first <a rel=\"noreferrer noopener\" href=\"https:\/\/open.spotify.com\/show\/7i1v5ECc0P2KVb4DduceWM?si=ffc254a25ae546c8\" target=\"_blank\"><strong>The Podcast series Kids without manual<\/strong><\/a>, than <a rel=\"noreferrer noopener\" href=\"http:\/\/www.beznavodu.sk\/\" target=\"_blank\"><strong>portal beznavodu.sk \u2013 live with people with Asperger syndrom and autism<\/strong><\/a> grew by <strong><a href=\"http:\/\/zsvz.sk\" target=\"_blank\" rel=\"noreferrer noopener\">school<\/a><\/strong>. It is a primary school that promotes inclusion, is located in the small village of Ve\u013ek\u00e9 Zlievce and provides support to home-educated children. <\/p>\n\n\n\n<p class=\"has-small-font-size\">With Sl\u00e1vka Makovn\u00edkov\u00e1, co-founder of School without manual, we <a rel=\"noreferrer noopener\" href=\"http:\/\/www.beznavodu.sk\/2022\/02\/jediny-nastroj-ktory-mam-skutocne-v-rukach-som-ja-mam-seba-a-so-sebou-pracujem\/\" target=\"_blank\"><strong>in this interview<\/strong><\/a> discussed inclusive education in practice, diversity support, work with autistic children, home education, the teaching profession, but also burnout and rediscovering life force. Since Sl\u00e1vka, in addition to accompanying children, is also engaged in her own therapeutic practice, there were plenty of topics. Read on, it's worth it!<\/p>\n\n\n\n<figure class=\"wp-block-image size-large\"><a href=\"http:\/\/www.beznavodu.sk\/2022\/02\/jediny-nastroj-ktory-mam-skutocne-v-rukach-som-ja-mam-seba-a-so-sebou-pracujem\/\"><img loading=\"lazy\" decoding=\"async\" width=\"960\" height=\"720\" src=\"https:\/\/www.ideology.sk\/wp-content\/uploads\/2022\/02\/final-cover.jpg\" alt=\"\" class=\"wp-image-3429\" srcset=\"https:\/\/www.ideology.sk\/wp-content\/uploads\/2022\/02\/final-cover.jpg 960w, https:\/\/www.ideology.sk\/wp-content\/uploads\/2022\/02\/final-cover-300x225.jpg 300w, https:\/\/www.ideology.sk\/wp-content\/uploads\/2022\/02\/final-cover-768x576.jpg 768w\" sizes=\"auto, (max-width: 960px) 100vw, 960px\" \/><\/a><\/figure>","protected":false},"excerpt":{"rendered":"<p>Koncept #bezn\u00e1vodu, ktor\u00fd dal vznikn\u00fa\u0165 najprv Podcastu o de\u0165och bez n\u00e1vodu, nesk\u00f4r port\u00e1lu beznavodu.sk &#8211; na\u017eivo s \u013eu\u010fmi s Aspergerov\u00fdm syndr\u00f3mom a autizmom sa rozr\u00e1stol o \u0161kolu. Je to z\u00e1kladn\u00e1 \u0161kola, podporuj\u00faca inkl\u00faziu, s\u00eddli v malej obci Ve\u013ek\u00e9 Zlievce a poskytuje podporu aj doma vzdel\u00e1van\u00fdm&hellip; <a class=\"read-more\" href=\"https:\/\/www.ideology.sk\/en\/2022\/02\/je-na-svete-prva-skola-bez-navodu\/\">Read more<\/a><\/p>","protected":false},"author":3,"featured_media":3430,"comment_status":"closed","ping_status":"open","sticky":false,"template":"","format":"standard","meta":{"om_disable_all_campaigns":false,"editor_plus_copied_stylings":"{}","_monsterinsights_skip_tracking":false,"_monsterinsights_sitenote_active":false,"_monsterinsights_sitenote_note":"","_monsterinsights_sitenote_category":0,"_jetpack_memberships_contains_paid_content":false,"footnotes":""},"categories":[56,247],"tags":[],"class_list":["post-3428","post","type-post","status-publish","format-standard","has-post-thumbnail","hentry","category-blog","category-image"],"aioseo_notices":[],"jetpack_sharing_enabled":true,"jetpack_featured_media_url":"https:\/\/www.ideology.sk\/wp-content\/uploads\/2022\/02\/skola-bez-navodu-thumbnail.jpg","_links":{"self":[{"href":"https:\/\/www.ideology.sk\/en\/wp-json\/wp\/v2\/posts\/3428","targetHints":{"allow":["GET"]}}],"collection":[{"href":"https:\/\/www.ideology.sk\/en\/wp-json\/wp\/v2\/posts"}],"about":[{"href":"https:\/\/www.ideology.sk\/en\/wp-json\/wp\/v2\/types\/post"}],"author":[{"embeddable":true,"href":"https:\/\/www.ideology.sk\/en\/wp-json\/wp\/v2\/users\/3"}],"replies":[{"embeddable":true,"href":"https:\/\/www.ideology.sk\/en\/wp-json\/wp\/v2\/comments?post=3428"}],"version-history":[{"count":0,"href":"https:\/\/www.ideology.sk\/en\/wp-json\/wp\/v2\/posts\/3428\/revisions"}],"wp:featuredmedia":[{"embeddable":true,"href":"https:\/\/www.ideology.sk\/en\/wp-json\/wp\/v2\/media\/3430"}],"wp:attachment":[{"href":"https:\/\/www.ideology.sk\/en\/wp-json\/wp\/v2\/media?parent=3428"}],"wp:term":[{"taxonomy":"category","embeddable":true,"href":"https:\/\/www.ideology.sk\/en\/wp-json\/wp\/v2\/categories?post=3428"},{"taxonomy":"post_tag","embeddable":true,"href":"https:\/\/www.ideology.sk\/en\/wp-json\/wp\/v2\/tags?post=3428"}],"curies":[{"name":"wp","href":"https:\/\/api.w.org\/{rel}","templated":true}]}}