{"id":3724,"date":"2022-06-24T16:27:51","date_gmt":"2022-06-24T14:27:51","guid":{"rendered":"https:\/\/www.ideology.sk\/?p=3724"},"modified":"2022-06-24T19:14:07","modified_gmt":"2022-06-24T17:14:07","slug":"o-fotke","status":"publish","type":"post","link":"https:\/\/www.ideology.sk\/en\/2022\/06\/o-fotke\/","title":{"rendered":"About photography"},"content":{"rendered":"<p class=\"has-small-font-size\">Ke\u010f sa v 19. storo\u010d\u00ed objavila a roz\u0161\u00edrila fotka, pri\u0161iel s \u0148ou aj strach z konca ma\u013eby. Nebol to technick\u00fd vyn\u00e1lez ale zosobnenie obavy, \u017ee &#8222;realistick\u00e1&#8220; fotka zabije \u0165ah \u0161tetca a energiu vlo\u017een\u00fa do vrstvenia farieb, kompoz\u00edcie, perspekt\u00edvy a hry svetiel. Nestalo sa. Ma\u013eba pre\u017eila a fotka si h\u013eadala svoju vlastn\u00fa cestu ako poveda\u0165 zmyslupln\u00fd pr\u00edbeh. Rovnako ako osobn\u00fd po\u010d\u00edta\u010d &#8211; n\u00e1dej aj postrach u\u017e od 70. rokov 20. storo\u010dia. Nezabil pr\u00e1cu alebo jej v\u00fdznam, nenahradil schopnos\u0165 \u010di potrebu myslie\u0165 a u\u017e v\u00f4bec nie \u013eudsk\u00fa imagin\u00e1ciu.<\/p>\n\n\n\n<p class=\"has-small-font-size\">Nehovor\u00edm o o\u010dak\u00e1vaniach a sklamaniach z technol\u00f3gie. Mnoho \u013eud\u00ed o tom p\u00edsalo: technol\u00f3gia SA NEROVN\u00c1 pokrok. \u010casto so sebou nesie nezam\u00fd\u0161\u013ean\u00e9 d\u00f4sledky, ktor\u00e9 sk\u00f4r podr\u00fdvaj\u00fa predstavu \u013eudskosti ne\u017e by ju umoc\u0148ovali. A fotka nie je v\u00fdnimkou. Akoby t\u00e1 z\u00e1plava obrazov z Instagramov a Facebookov hovorila celkom jednoducho &#8222;urob\u00edm \u010doko\u013evek&#8220;. Bez oh\u013eadu na v\u00fdpove\u010f, na schopnos\u0165 oka uvidie\u0165 kontext a interpretova\u0165 ho v hraniciach zmyslu. Dok\u00e1\u017eeme vymeni\u0165 sk\u00fasenos\u0165 a z\u00e1\u017eitok za mno\u017estvo nes\u00favisl\u00fdch dojmov? Nie. Iba dok\u00e1\u017eeme rozostri\u0165 poh\u013ead a rozprestrie\u0165 z\u00e1ujem tak, \u017ee z neho ostane iba neprieh\u013eadn\u00e1 hmla nez\u00e1ujmu.<\/p>\n\n\n\n<p class=\"has-small-font-size\">Po cca dvojro\u010dnej prest\u00e1vke som sa k fotke vr\u00e1til a s\u00e1m sebe d\u00e1vam challenge: prem\u00fd\u0161\u013ea\u0165 o fotke, hra\u0165 sa s \u0148ou, a \u010do najpozornej\u0161ie sledova\u0165 premeny v\u00fdznamu, ktor\u00e9 umoc\u0148uj\u00fa tie zakl\u00ednadl\u00e1 &#8222;h\u013abka ostrosti&#8220;, &#8222;expoz\u00edcia&#8220;, &#8222;uz\u00e1vierka&#8220;, &#8222;svetlo&#8220; a &#8222;tie\u0148&#8220;. Nebud\u00fa tu elabor\u00e1ty o post\u0161trukturalizme ani kult\u00farnej sociol\u00f3gii. M\u00e1 to by\u0165 experimentovanie s imagin\u00e1ciou. Hra, ktor\u00e1 umo\u017en\u00ed vidie\u0165, \u010do oko pr\u00edli\u0161 \u010dasto prehliada, na \u010do sa vlastne odmala u\u010d\u00edme nes\u00fastredi\u0165.<\/p>\n\n\n\n<p class=\"has-small-font-size\">Zauj\u00edma ma v\u00fdznam, to nie je \u017eiadna novinka. Okrem jeho ch\u00e1pania ho aj tvor\u00edm. A to je pr\u00e1ve ten probl\u00e9m: \u010faleko menej ne\u017e jej technick\u00e9 spracovanie ma zauj\u00edma zmysel stv\u00e1rnen\u00fd fotkou. Preto\u017ee je ve\u013emi premenliv\u00fdm a situa\u010dn\u00fdm jazykom. Fotka je omnoho viac kontextu\u00e1lna a historizuj\u00faca ne\u017e nap\u00edsan\u00fd \u010di vysloven\u00fd znak alebo poznanie, ako o nich uva\u017eujeme be\u017ene. Nie je viac &#8222;dokument\u00e1rna&#8220; ne\u017e ma\u013eba, nie je viac &#8222;vern\u00e1&#8220; \u010di &#8222;reprezentat\u00edvna&#8220;. Je to \u010fal\u0161\u00ed z radu jedine\u010dn\u00fdch sp\u00f4sobov interpret\u00e1cie, vlastn\u00fd syst\u00e9m pochopenia a zdie\u013eania sk\u00fasenosti. Kr\u00e1sny fenom\u00e9n.<\/p>\n\n\n\n<p class=\"has-small-font-size\">Pozn.: o fotografii neviem ni\u010d viac, ne\u017e som sa s\u00e1m nau\u010dil a vysk\u00fa\u0161al. Bolelo to. A st\u00e1lo to za tie roky kopec \u010dasu a pe\u0148az\u00ed. Fotku som ne\u0161tudoval a nechcel by som ju \u0161tudova\u0165. Ani sociol\u00f3gia ani filozofia ju nikdy nemali v prim\u00e1rnom zornom poli. To ale nezmanen\u00e1, \u017ee by som sa tam s \u0148ou nestretol &#8211; naopak, mnoho vec\u00ed, ktor\u00e9 som o spolo\u010denskej reflexii fotky \u010d\u00edtal, bolo (a dodnes ost\u00e1va) v\u00fdborn\u00fdch.<\/p>\n\n\n\n<h2 class=\"wp-block-heading\">Jeden \u010dlovek + jedno svetlo: line\u00e1rne svetlo I.<\/h2>\n\n\n\n<p class=\"has-small-font-size\">Tak jo. Ten challenge sa vol\u00e1 jeden \u010dlovek + jedno svetlo a jeho zmysel je o\u010dividn\u00fd: h\u013eada\u0165 v\u00fdznam v portr\u00e9te, ktor\u00fd tvor\u00ed t\u00e1to minimalistick\u00e1 kombin\u00e1cia. Za\u010dnem line\u00e1rnym svetlom, hodne ma posledn\u00e9 dni nadch\u00fdna. <\/p>\n\n\n\n<p class=\"has-small-font-size\">Je to celkom ne\u0161tandardn\u00e9 svetlo, pri portr\u00e9toch sa nevyu\u017e\u00edva \u010dasto, sk\u00f4r v\u00fdnimo\u010dne. Vytv\u00e1ra s\u00favisl\u00fd, \u00fazky l\u00fa\u010d, ktor\u00fd umo\u017e\u0148uje vytiahnu\u0165 do popredia detaily &#8211; zv\u00fdrazni\u0165 alebo potla\u010di\u0165 \u010drty, z\u00fa\u017ei\u0165 alebo roz\u0161\u00edri\u0165 vn\u00edmanie obrazu. A teda roz\u0161\u00edri\u0165 \u010di z\u00fa\u017ei\u0165 tv\u00e1r, postavu alebo jej \u010das\u0165. Ani fotografi si niekedy neuvedomuj\u00fa, ko\u013eko mo\u017enost\u00ed line\u00e1rne svetlo m\u00e1, a o ko\u013eko sa teda pripravuj\u00fa, ak ho nevyu\u017e\u00edvaj\u00fa. Nie, nie je to technick\u00e9 svetlo a v\u00f4bec nemus\u00ed by\u0165 iba doplnkom v komplikovanej\u0161om sete. D\u00e1 sa ve\u013emi dobre pou\u017ei\u0165 ako jedin\u00e9, k\u013e\u00fa\u010dov\u00e9 svetlo. Za hodinku spom\u00ednania a prem\u00fd\u0161\u013eania som pri\u0161iel na 34 z\u00e1kladn\u00fdch sp\u00f4sobov ako ho vyu\u017ei\u0165 pri \u010deln\u00fdch portr\u00e9toch (subjekt je rovno pred objekt\u00edvom a pozer\u00e1 sa priamo, bez v\u00fdraznej\u0161ieho podh\u013eadu \u010di nadh\u013eadu, teda cca v rovine o\u010d\u00ed). Neuk\u00e1\u017eem v\u0161etky poz\u00edcie, iba nieko\u013eko zauj\u00edmav\u00fdch, ktor\u00e9 d\u00e1vaj\u00fa hlb\u0161iu v\u00fdpove\u010f, umoc\u0148uj\u00fa v\u00fdznam.<\/p>\n\n\n\n<figure class=\"wp-block-image size-full\"><img loading=\"lazy\" decoding=\"async\" width=\"900\" height=\"570\" src=\"https:\/\/www.ideology.sk\/wp-content\/uploads\/2022\/06\/linear-1.jpg\" alt=\"\" class=\"wp-image-3731\" srcset=\"https:\/\/www.ideology.sk\/wp-content\/uploads\/2022\/06\/linear-1.jpg 900w, https:\/\/www.ideology.sk\/wp-content\/uploads\/2022\/06\/linear-1-300x190.jpg 300w, https:\/\/www.ideology.sk\/wp-content\/uploads\/2022\/06\/linear-1-768x486.jpg 768w\" sizes=\"auto, (max-width: 900px) 100vw, 900px\" \/><\/figure>\n\n\n\n<p class=\"has-small-font-size\">Pou\u017ei\u0165 line\u00e1rne svetlo centr\u00e1lne, je prv\u00e9, intuit\u00edvne rozhodnutie. A v\u00f4bec nie zl\u00e9! Vertik\u00e1lne (01) hovor\u00ed o s\u00fastreden\u00ed a h\u013aban\u00ed. Zu\u017euje poh\u013ead na to podstatn\u00e9, vn\u00e1ra sa smerom dopredu &#8211; do l\u00fa\u010da svetla, ktor\u00e9 tak umo\u017e\u0148uje tv\u00e1ri vyst\u00fapi\u0165 z tie\u0148a. Horizont\u00e1lne (02), nale\u017eato, je to podobn\u00e9 &#8211; no tu namiesto pocitu vn\u00fatorn\u00e9ho vh\u013eadu, introspekcie, vyznieva sk\u00f4r ako pozeranie sa cez priezor alebo ponad bari\u00e9ru. Nahliadanie do skryt\u00e9ho \u010di nepoznan\u00e9ho. Nie je to h\u013abav\u00fd, ale sk\u00f4r sk\u00famav\u00fd poh\u013ead. Niekedy dokonca pov\u00fd\u0161en\u00fd \u010di arogantn\u00fd, preto\u017ee je osvieten\u00fd: vie viac, ne\u017e ten v tme.<\/p>\n\n\n\n<figure class=\"wp-block-image size-full\"><img loading=\"lazy\" decoding=\"async\" width=\"900\" height=\"570\" src=\"https:\/\/www.ideology.sk\/wp-content\/uploads\/2022\/06\/linear-2.jpg\" alt=\"\" class=\"wp-image-3733\" srcset=\"https:\/\/www.ideology.sk\/wp-content\/uploads\/2022\/06\/linear-2.jpg 900w, https:\/\/www.ideology.sk\/wp-content\/uploads\/2022\/06\/linear-2-300x190.jpg 300w, https:\/\/www.ideology.sk\/wp-content\/uploads\/2022\/06\/linear-2-768x486.jpg 768w\" sizes=\"auto, (max-width: 900px) 100vw, 900px\" \/><\/figure>\n\n\n\n<p class=\"has-small-font-size\">Pos\u00favanie horizont\u00e1lneho a vertik\u00e1lneho svetla mimo stredu tv\u00e1re. Vytiahnu\u0165 ho vy\u0161\u0161ie, na \u010delo (03), je ako pon\u00e1ra\u0165 sa do tmy &#8211; zanika\u0165 a odch\u00e1dza\u0165. Ako topi\u0165 sa a zachyt\u00e1va\u0165 pritom posledn\u00e9 l\u00fa\u010de vzduchu. Posun\u00fa\u0165 ho vertik\u00e1lne na jednu zo str\u00e1n tv\u00e1re (04) je typickej\u0161ie portr\u00e9tne svietenie. No s vertik\u00e1lnym svetlom tu vznik\u00e1 jasnej\u0161ia \u010diara, hranica medzi svetlom a tie\u0148om, ktor\u00e1 vytv\u00e1ra rozpolten\u00fa tv\u00e1r. Par\u00e1dny kontrast, pokia\u013e sa v\u00fdznam odohr\u00e1va v protip\u00f3loch polarizovan\u00e9ho dobra a zla, dvoch str\u00e1n jednej mince. Je to radik\u00e1lnej\u0161ie a p\u00fatavej\u0161ie ne\u017e kruhov\u00e9 svetlo \u010di osem- alebo viac- uholn\u00edkov\u00fd softbox. (A vraj toto nie je dostato\u010dne nasvieten\u00fd portr\u00e9t?! Ts.)<\/p>\n\n\n\n<figure class=\"wp-block-image size-full\"><img loading=\"lazy\" decoding=\"async\" width=\"900\" height=\"570\" src=\"https:\/\/www.ideology.sk\/wp-content\/uploads\/2022\/06\/linear-3.jpg\" alt=\"\" class=\"wp-image-3735\" srcset=\"https:\/\/www.ideology.sk\/wp-content\/uploads\/2022\/06\/linear-3.jpg 900w, https:\/\/www.ideology.sk\/wp-content\/uploads\/2022\/06\/linear-3-300x190.jpg 300w, https:\/\/www.ideology.sk\/wp-content\/uploads\/2022\/06\/linear-3-768x486.jpg 768w\" sizes=\"auto, (max-width: 900px) 100vw, 900px\" \/><\/figure>\n\n\n\n<p class=\"has-small-font-size\">E\u0161te k tomu horizont\u00e1lnemu svetlu: posuniem ho ni\u017e\u0161ie &#8211; na \u00fasta (05) a na bradu (06). Je evidentn\u00e9, \u017ee vytv\u00e1ra presne to, \u010do svetlo m\u00e1 robi\u0165 &#8211; opticky zv\u00fdraz\u0148ova\u0165. Vlastne si iba \u0165a\u017eko predstavi\u0165 lep\u0161\u00ed sp\u00f4sob, ako roz\u0161\u00edri\u0165 \u00fasmev alebo v\u00fdraznej\u0161ie vykresli\u0165 kont\u00faru brady. Mimochodom, ten pocit suverenity na fotk\u00e1ch \u013eud\u00ed s v\u00fdraznou kresbou brady je tak\u00fd kult\u00farny vzorec, \u017ee a\u017e. A to nehovoriac o o\u010diach, ktor\u00e9 &#8211; ak s\u00fa pekne otvoren\u00e9 &#8211; v tieni dok\u00e1\u017eu zasvieti\u0165 aj bez retu\u0161e. Nie s\u00fa to typick\u00e9 portr\u00e9ty a mnoho \u013eud\u00ed by ich vn\u00edmalo ako chyby. Ale to neznamen\u00e1, \u017ee neskr\u00fdvaj\u00fa v\u00fdznam. Naopak, je ho tam viac, ne\u017e na svieten\u00ed celej tv\u00e1re.<\/p>\n\n\n\n<figure class=\"wp-block-image size-full\"><img loading=\"lazy\" decoding=\"async\" width=\"900\" height=\"570\" src=\"https:\/\/www.ideology.sk\/wp-content\/uploads\/2022\/06\/linear-4.jpg\" alt=\"\" class=\"wp-image-3736\" srcset=\"https:\/\/www.ideology.sk\/wp-content\/uploads\/2022\/06\/linear-4.jpg 900w, https:\/\/www.ideology.sk\/wp-content\/uploads\/2022\/06\/linear-4-300x190.jpg 300w, https:\/\/www.ideology.sk\/wp-content\/uploads\/2022\/06\/linear-4-768x486.jpg 768w\" sizes=\"auto, (max-width: 900px) 100vw, 900px\" \/><\/figure>\n\n\n\n<p class=\"has-small-font-size\">A d\u00e1 sa to aj ve\u013emi minimalisticky. Temn\u00fd portr\u00e9t skoro z\u00e1konite vznik\u00e1 v kontraste medzi p\u00e1r svetl\u00fdmi prvkami a ve\u013ekou tmavou plochou. V tomto pr\u00edpade som sa vr\u00e1til k vertik\u00e1lnemu svetlu, ktor\u00e9 za\u010d\u00edna uprostred nosa a ohrani\u010duj\u00fa ho skoro presne zreni\u010dky o\u010d\u00ed (07). Je to osamel\u00e9 a mo\u017eno pre niekoho zmierene smutn\u00e9. Ale nie je to straten\u00e9 ani utopen\u00e9 v z\u00e1plave nepozornosti &#8211; to svetlo je na tv\u00e1ri kr\u00e1sne v\u00fdrazn\u00e9 a hovor\u00ed nie\u010do ve\u013emi presved\u010div\u00e9. Preto\u017ee sme nau\u010den\u00ed vn\u00edma\u0165 plochu \u010dela ako reprezent\u00e1ciu rozumu. A to ist\u00e9 plat\u00ed, ak ho posunieme mimo stred tv\u00e1re (08). Vtedy e\u0161te viac naber\u00e1 na d\u00f4raze, dok\u00e1\u017ee za\u00fato\u010di\u0165 a pre\u0161pikova\u0165 div\u00e1kovo b\u013eabotanie o \u017eivotn\u00fdch hodnot\u00e1ch. Suver\u00e9nne. Oko je br\u00e1nou a zbra\u0148ou mysliaceho vedomia.<\/p>\n\n\n\n<figure class=\"wp-block-image size-full\"><img loading=\"lazy\" decoding=\"async\" width=\"900\" height=\"570\" src=\"https:\/\/www.ideology.sk\/wp-content\/uploads\/2022\/06\/linear-5.jpg\" alt=\"\" class=\"wp-image-3739\" srcset=\"https:\/\/www.ideology.sk\/wp-content\/uploads\/2022\/06\/linear-5.jpg 900w, https:\/\/www.ideology.sk\/wp-content\/uploads\/2022\/06\/linear-5-300x190.jpg 300w, https:\/\/www.ideology.sk\/wp-content\/uploads\/2022\/06\/linear-5-768x486.jpg 768w\" sizes=\"auto, (max-width: 900px) 100vw, 900px\" \/><\/figure>\n\n\n\n<p class=\"has-small-font-size\">Okrem desiatok \u010fal\u0161\u00edch vec\u00ed dok\u00e1\u017ee line\u00e1rne svetlo ve\u013emi presne nasvieti\u0165 bo\u010dn\u00e9 a zadn\u00e9 kont\u00fary. Z t\u00fdch, ktor\u00e9 som pri tomto foten\u00ed sk\u00fa\u0161al, tu je jedna ve\u013emi be\u017en\u00e1 poloha s bo\u010dn\u00fdm alebo horno-bo\u010dn\u00fdm umiestnen\u00edm (09), ktor\u00e1 vykresl\u00ed kont\u00fary vlasov, l\u00edca, oka a nosa tak, aby nepresvietila aj tmav\u00fa, odvr\u00e1ten\u00fa stranu tv\u00e1re. Hej, zvykne sa hovori\u0165, \u017ee je to dr\u00e1ma (\u0161peci\u00e1lne pri bo\u010dnom svieten\u00ed profilu tv\u00e1re, nie \u010delne), no tro\u0161\u00ed\u010dku sa n\u00e1m prefl\u00e1kla, \u017ee jo. Mo\u017eno za pokus stoj\u00ed aj radik\u00e1lnej\u0161ia verzia svietenia viac zo zadu s cie\u013eom chyti\u0165 \u0161pi\u010dku nosa (10). Ak sa to podar\u00ed, a o\u010di nezostan\u00fa \u00faplne nevidite\u013en\u00e9 (ve\u013emi mi to nevy\u0161lo, ale princ\u00edp je zrozumite\u013en\u00fd), potom je tej dr\u00e1my o kus viac. Celkom siln\u00fd sp\u00f4sob ako predstavi\u0165 up\u00edra alebo vraha &#8211; z\u00e1hradn\u00edka.<\/p>\n\n\n\n<p class=\"has-small-font-size\">Line\u00e1rne svetlo je fakt bohovsk\u00e1 vec &#8211; daj\u00fa sa s nim robi\u0165 divotvorn\u00e9 fotky. Nebudem to \u010falej rozobera\u0165, iba sa vr\u00e1tim k tomu, \u010do som nap\u00edsal u\u017e sk\u00f4r &#8211; d\u00e1 sa zauj\u00edmavo vyu\u017ei\u0165 aj ako jedin\u00e9, samonosn\u00e9 svetlo portr\u00e9tu. A t\u00fdm to samozrejme neskon\u010d\u00ed. Sk\u00fasim v \u010fal\u0161om blogu uk\u00e1za\u0165 p\u00e1r diagon\u00e1lnych svieten\u00ed \u010deln\u00fdch portr\u00e9tov a potom pr\u00eddu na rad in\u00e9 polohy hlavy.<\/p>\n\n\n\n<p class=\"has-small-font-size\">Namiesto z\u00e1veru tejto dne\u0161nej hry: ni\u010d z tohto nem\u00e1 zmysel, pokia\u013e ide len o &#8222;technick\u00e9 svietenie&#8220;. Technika (ani ako technol\u00f3gia, ani ako algorytmus remesla) sama \u017eiaden zmysel nem\u00e1. Zmysel m\u00e1 len ten \u010dlovek, ktor\u00fd mi stoj\u00ed pred objekt\u00edvom. Preto\u017ee ho dok\u00e1\u017ee pre\u017e\u00edva\u0165, preto\u017ee ho m\u00f4\u017ee myslie\u0165. A ja sa, \u010doby fotograf, m\u00f4\u017eem vlo\u017ei\u0165 do jeho interpret\u00e1cie sveta a umocni\u0165 ju jazykom fotky.<\/p>","protected":false},"excerpt":{"rendered":"<p>Ke\u010f sa v 19. storo\u010d\u00ed objavila a roz\u0161\u00edrila fotka, pri\u0161iel s \u0148ou aj strach z konca ma\u013eby. Nebol to technick\u00fd vyn\u00e1lez ale zosobnenie obavy, \u017ee &#8222;realistick\u00e1&#8220; fotka zabije \u0165ah \u0161tetca a energiu vlo\u017een\u00fa do vrstvenia farieb, kompoz\u00edcie, perspekt\u00edvy a hry svetiel. Nestalo sa. Ma\u013eba pre\u017eila&hellip; <a class=\"read-more\" href=\"https:\/\/www.ideology.sk\/en\/2022\/06\/o-fotke\/\">Read more<\/a><\/p>","protected":false},"author":2,"featured_media":3747,"comment_status":"closed","ping_status":"open","sticky":false,"template":"","format":"standard","meta":{"om_disable_all_campaigns":false,"editor_plus_copied_stylings":"{}","_monsterinsights_skip_tracking":false,"_monsterinsights_sitenote_active":false,"_monsterinsights_sitenote_note":"","_monsterinsights_sitenote_category":0,"_jetpack_memberships_contains_paid_content":false,"footnotes":""},"categories":[56],"tags":[280,282,281,46],"class_list":["post-3724","post","type-post","status-publish","format-standard","has-post-thumbnail","hentry","category-blog","tag-fotka","tag-linearne-svetlo","tag-svetlo","tag-vyznam"],"aioseo_notices":[],"jetpack_sharing_enabled":true,"jetpack_featured_media_url":"https:\/\/www.ideology.sk\/wp-content\/uploads\/2022\/06\/o-fotke.jpg","_links":{"self":[{"href":"https:\/\/www.ideology.sk\/en\/wp-json\/wp\/v2\/posts\/3724","targetHints":{"allow":["GET"]}}],"collection":[{"href":"https:\/\/www.ideology.sk\/en\/wp-json\/wp\/v2\/posts"}],"about":[{"href":"https:\/\/www.ideology.sk\/en\/wp-json\/wp\/v2\/types\/post"}],"author":[{"embeddable":true,"href":"https:\/\/www.ideology.sk\/en\/wp-json\/wp\/v2\/users\/2"}],"replies":[{"embeddable":true,"href":"https:\/\/www.ideology.sk\/en\/wp-json\/wp\/v2\/comments?post=3724"}],"version-history":[{"count":0,"href":"https:\/\/www.ideology.sk\/en\/wp-json\/wp\/v2\/posts\/3724\/revisions"}],"wp:featuredmedia":[{"embeddable":true,"href":"https:\/\/www.ideology.sk\/en\/wp-json\/wp\/v2\/media\/3747"}],"wp:attachment":[{"href":"https:\/\/www.ideology.sk\/en\/wp-json\/wp\/v2\/media?parent=3724"}],"wp:term":[{"taxonomy":"category","embeddable":true,"href":"https:\/\/www.ideology.sk\/en\/wp-json\/wp\/v2\/categories?post=3724"},{"taxonomy":"post_tag","embeddable":true,"href":"https:\/\/www.ideology.sk\/en\/wp-json\/wp\/v2\/tags?post=3724"}],"curies":[{"name":"wp","href":"https:\/\/api.w.org\/{rel}","templated":true}]}}