{"id":3912,"date":"2022-09-26T11:14:25","date_gmt":"2022-09-26T09:14:25","guid":{"rendered":"https:\/\/www.ideology.sk\/?p=3912"},"modified":"2023-01-09T22:34:41","modified_gmt":"2023-01-09T21:34:41","slug":"rozhovor-o-vyzname-faktov-a-pribehov","status":"publish","type":"post","link":"https:\/\/www.ideology.sk\/en\/2022\/09\/rozhovor-o-vyzname-faktov-a-pribehov\/","title":{"rendered":"A conversation about the meaning of facts and stories"},"content":{"rendered":"<p class=\"has-regular-font-size\">Another one of our partner interviews. We really enjoy talking. If someone enjoys listening to it, it's like they're visiting us, and we enjoy that too. This interview is about the importance of facts and stories, we deal with a sigh of relief on the subject of \"people don't listen to facts unfortunately\". We also talk about examples, including those from our workshop, for example, Armistice or Beznavod, but not only. Video <a href=\"https:\/\/www.youtube.com\/watch?v=3KD6ROmKTv0&amp;t=51s\" target=\"_blank\" rel=\"noreferrer noopener\">tu<\/a>. <\/p>\n\n\n\n<figure class=\"wp-block-embed is-type-video is-provider-youtube wp-block-embed-youtube wp-embed-aspect-16-9 wp-has-aspect-ratio\"><div class=\"wp-block-embed__wrapper\">\n<iframe loading=\"lazy\" title=\"Krist\u00edna a Popa\u0159: By\u0165 s\u00fa\u010das\u0165ou pr\u00edbehu\" width=\"720\" height=\"405\" src=\"https:\/\/www.youtube.com\/embed\/3KD6ROmKTv0?start=51&#038;feature=oembed\" frameborder=\"0\" allow=\"accelerometer; autoplay; clipboard-write; encrypted-media; gyroscope; picture-in-picture\" allowfullscreen><\/iframe>\n<\/div><\/figure>","protected":false},"excerpt":{"rendered":"<p>\u010eal\u0161\u00ed z na\u0161ich partnersk\u00fdch rozhovorov. N\u00e1s ve\u013emi bav\u00ed rozpr\u00e1va\u0165 sa. Ak niekoho bav\u00ed to po\u010d\u00fava\u0165, je to ako by bol u n\u00e1s na n\u00e1v\u0161teve a to n\u00e1s bav\u00ed tie\u017e. Tento rozhovor je o v\u00fdzname faktov a pr\u00edbehov, vysporiadavame sa s povzdychom na t\u00e9mu &#8222;\u013eudia bohu\u017eial&hellip; <a class=\"read-more\" href=\"https:\/\/www.ideology.sk\/en\/2022\/09\/rozhovor-o-vyzname-faktov-a-pribehov\/\">Read more<\/a><\/p>","protected":false},"author":3,"featured_media":3913,"comment_status":"closed","ping_status":"open","sticky":false,"template":"","format":"standard","meta":{"om_disable_all_campaigns":false,"editor_plus_copied_stylings":"{}","_monsterinsights_skip_tracking":false,"_monsterinsights_sitenote_active":false,"_monsterinsights_sitenote_note":"","_monsterinsights_sitenote_category":0,"_jetpack_memberships_contains_paid_content":false,"footnotes":""},"categories":[56],"tags":[],"class_list":["post-3912","post","type-post","status-publish","format-standard","has-post-thumbnail","hentry","category-blog"],"aioseo_notices":[],"jetpack_sharing_enabled":true,"jetpack_featured_media_url":"https:\/\/www.ideology.sk\/wp-content\/uploads\/2022\/09\/KJ-02-byt-sucastou-pribehu-thumbnail.jpg","_links":{"self":[{"href":"https:\/\/www.ideology.sk\/en\/wp-json\/wp\/v2\/posts\/3912","targetHints":{"allow":["GET"]}}],"collection":[{"href":"https:\/\/www.ideology.sk\/en\/wp-json\/wp\/v2\/posts"}],"about":[{"href":"https:\/\/www.ideology.sk\/en\/wp-json\/wp\/v2\/types\/post"}],"author":[{"embeddable":true,"href":"https:\/\/www.ideology.sk\/en\/wp-json\/wp\/v2\/users\/3"}],"replies":[{"embeddable":true,"href":"https:\/\/www.ideology.sk\/en\/wp-json\/wp\/v2\/comments?post=3912"}],"version-history":[{"count":1,"href":"https:\/\/www.ideology.sk\/en\/wp-json\/wp\/v2\/posts\/3912\/revisions"}],"predecessor-version":[{"id":4408,"href":"https:\/\/www.ideology.sk\/en\/wp-json\/wp\/v2\/posts\/3912\/revisions\/4408"}],"wp:featuredmedia":[{"embeddable":true,"href":"https:\/\/www.ideology.sk\/en\/wp-json\/wp\/v2\/media\/3913"}],"wp:attachment":[{"href":"https:\/\/www.ideology.sk\/en\/wp-json\/wp\/v2\/media?parent=3912"}],"wp:term":[{"taxonomy":"category","embeddable":true,"href":"https:\/\/www.ideology.sk\/en\/wp-json\/wp\/v2\/categories?post=3912"},{"taxonomy":"post_tag","embeddable":true,"href":"https:\/\/www.ideology.sk\/en\/wp-json\/wp\/v2\/tags?post=3912"}],"curies":[{"name":"wp","href":"https:\/\/api.w.org\/{rel}","templated":true}]}}