{"id":5000,"date":"2023-04-02T14:41:08","date_gmt":"2023-04-02T12:41:08","guid":{"rendered":"https:\/\/www.ideology.sk\/?p=5000"},"modified":"2023-04-02T15:18:58","modified_gmt":"2023-04-02T13:18:58","slug":"zaujem-a-ako-ho-vyvolat-nie-len-na-den-autizmu","status":"publish","type":"post","link":"https:\/\/www.ideology.sk\/en\/2023\/04\/zaujem-a-ako-ho-vyvolat-nie-len-na-den-autizmu\/","title":{"rendered":"Interest and how to arouse it. Not just for autism day."},"content":{"rendered":"<p class=\"has-regular-font-size eplus-wrapper\">Today is April 2nd, International Autism Day. It's a day of awareness. To me, enlightenment is creating interest where there is little. By interest I mean curiosity, an inner need to know, experience, understand or listen carefully.<\/p>\n\n\n\n<div style=\"height:30px\" aria-hidden=\"true\" class=\"wp-block-spacer eplus-wrapper\"><\/div>\n\n\n\n<p class=\"has-regular-font-size eplus-wrapper\">N\u00e1\u0161ho syna unschoolujeme, \u010do v praxi znamen\u00e1, \u017ee sa v u\u010den\u00ed riadi prim\u00e1rne vn\u00fatornou motiv\u00e1ciou. Ide za t\u00fdm, \u010do ho zauj\u00edma, na \u010do je zvedav\u00fd, kde c\u00edti potrebu spozna\u0165, pozorne si vypo\u010du\u0165, nie za t\u00fdm, \u010do je ro\u010dn\u00edku primeran\u00e9 a &#8222;m\u00e1 sa to&#8220;. Obdivujem jeho silu a jednozna\u010dnos\u0165. Vidno, \u017ee dok\u00e1\u017ee ma\u0165 z\u00e1ujem, hlbok\u00fd a zvedav\u00fd, m\u00e1 t\u00fa schopnos\u0165 a vytrvalo ju tr\u00e9nuje. No aj tak sa objavia situ\u00e1cie, kedy jeho z\u00e1ujmu, snahe pochopi\u0165 alebo empatizova\u0165 potrebujem pom\u00f4c\u0165. Napr\u00edklad, ke\u010f ho niekto nahnev\u00e1, alebo ke\u010f je nie\u010do d\u00f4le\u017eit\u00e9 pre n\u00e1s, a on mus\u00ed participova\u0165, aj ke\u010f nechce.<\/p>\n\n\n\n<div style=\"height:30px\" aria-hidden=\"true\" class=\"wp-block-spacer eplus-wrapper\"><\/div>\n\n\n\n<p class=\"has-regular-font-size eplus-wrapper\">I know what definitely doesn't work in that case: <strong>informing.<\/strong>Information has no power over dislike and disinterest. It flies through your head without any response, like a clean shot. What can work in the short term is scaremongering, shaming or inducing remorse. Information has no power over dislike and disinterest. It flies through your head without any response, like a clean shot. What can work in the short term is <strong>scaremongering, shaming or inducing guilt.<\/strong> alebo <strong>vyvolanie v\u00fd\u010ditiek<\/strong>.<\/p>\n\n\n\n<div style=\"height:30px\" aria-hidden=\"true\" class=\"wp-block-spacer eplus-wrapper\"><\/div>\n\n\n\n<p class=\"has-regular-font-size eplus-wrapper\">Something like \"even if it doesn't affect you, it might affect you and it will be too late, autism will take your child, your family and your finances.\" (Autism Speaks awareness campaign from the 90s)<\/p>\n\n\n\n<p class=\"has-regular-font-size eplus-wrapper\">Or something like \"They are here among us, they are suffering, and you won't help them? won't you lend a helping hand? Aren't you ashamed?\" (communication standard in the topic)<\/p>\n\n\n\n<div style=\"height:30px\" aria-hidden=\"true\" class=\"wp-block-spacer eplus-wrapper\"><\/div>\n\n\n\n<p class=\"has-regular-font-size eplus-wrapper\">Zaberie to, no z dlhodob\u00e9ho h\u013eadiska vyvolanie v\u00fd\u010ditiek, strachu alebo hanby naru\u0161\u00ed vz\u0165ah a vz\u00e1jomn\u00fa d\u00f4veru, \u010do v d\u00f4sledku vyvol\u00e1 e\u0161te v\u00e4\u010d\u0161\u00ed nez\u00e1ujem, vyblokovanie a odpor. \u010casom u\u017e nepom\u00f4\u017ee ani pritvrdi\u0165, odozva nepr\u00edde.<\/p>\n\n\n\n<div style=\"height:30px\" aria-hidden=\"true\" class=\"wp-block-spacer eplus-wrapper\"><\/div>\n\n\n\n<p class=\"has-regular-font-size eplus-wrapper\">What really works?<\/p>\n\n\n\n<p class=\"has-regular-font-size eplus-wrapper\">I won't please you <strong>it's laborious, but it's humanly possible.<\/strong><\/p>\n\n\n\n<div style=\"height:30px\" aria-hidden=\"true\" class=\"wp-block-spacer eplus-wrapper\"><\/div>\n\n\n\n<p class=\"has-regular-font-size eplus-wrapper\"><strong>Active mutual relationships. <\/strong>Not informing but sharing, speaking and listening, contact, interpersonal communication, everyday. Down here, among us, in the block, in the family, in the classroom, in the interest circle. We will not replace the creation of mutual relations with general information. That is why I consider community support and field work with them to be key. Wherever there is one of us, people on the spectrum, there is enlightenment.<\/p>\n\n\n\n<div style=\"height:30px\" aria-hidden=\"true\" class=\"wp-block-spacer eplus-wrapper\"><\/div>\n\n\n\n<p class=\"has-regular-font-size eplus-wrapper\"><strong>Stereotypes and totems.<\/strong> here is such a thing as a useful line of propriety, crossing which we provoke the exact opposite of what we intended - dislike, disinterest, at best anger (it is better because it is active, albeit negatively). By creating a reasonable abbreviation of meaning, we create a premise for interest. He may or may not come, but we gave him a chance. And this is related to the next point.<\/p>\n\n\n\n<div style=\"height:30px\" aria-hidden=\"true\" class=\"wp-block-spacer eplus-wrapper\"><\/div>\n\n\n\n<p class=\"has-regular-font-size eplus-wrapper\"><strong>Art.<\/strong> Artistic means were created to convey an experience, a story, not just information. A film that I live with for a moment, a character that I empathize with, a story that touches me, a photo that makes me laugh or think, a dance that captivates me, a rhythm that moves me. No media campaign will do people on the spectrum as much a service as a single HBO series, such as Little Sheldon, will do.<\/p>\n\n\n\n<div style=\"height:30px\" aria-hidden=\"true\" class=\"wp-block-spacer eplus-wrapper\"><\/div>\n\n\n\n<p class=\"has-regular-font-size eplus-wrapper\">It works the same way in our family. Since I started with that, I will add that Otis gets caught up in something that we live by, just as we get caught up in what he lives by. We have a relationship. When a situation arises that his interest in another needs to be helped, we use abbreviations, stereotypes, simplifications, ideal visualizations, that is, something like \"totems\" that can be grasped and put his interest into. And finally, we watch stories, on YouTube, in games, movies, books, conversations with people, in music, we give ourselves the opportunity to perceive, feel, experience.<\/p>\n\n\n\n<div style=\"height:30px\" aria-hidden=\"true\" class=\"wp-block-spacer eplus-wrapper\"><\/div>\n\n\n\n<p class=\"has-regular-font-size eplus-wrapper\">In\u0161pirovala ma moja zn\u00e1ma, Denisa, ktor\u00e1 je tie\u017e Aspergerka, v\u010dera zdie\u013eala kampa\u0148 zna\u010dky VANISH. D\u00e1vam v\u00e1m ju sem. Nie preto, \u017ee by dokonalo sp\u013a\u0148ala v\u0161etky menovan\u00e9 krit\u00e9ria, ale rob\u00ed p\u00e1r vec\u00ed dobre:<\/p>\n\n\n\n<figure class=\"wp-embed-aspect-16-9 wp-has-aspect-ratio wp-block-embed is-type-video is-provider-youtube wp-block-embed-youtube eplus-wrapper\"><div class=\"wp-block-embed__wrapper\">\n<iframe loading=\"lazy\" title=\"Me, My Autism &amp; I | Vanish &amp; Ambitious about Autism | Hero Film\" width=\"720\" height=\"405\" src=\"https:\/\/www.youtube.com\/embed\/4Xtog_zRRJg?feature=oembed\" frameborder=\"0\" allow=\"accelerometer; autoplay; clipboard-write; encrypted-media; gyroscope; picture-in-picture; web-share\" allowfullscreen><\/iframe>\n<\/div><\/figure>\n\n\n\n<p class=\"eplus-wrapper\"><\/p>\n\n\n\n<div style=\"height:30px\" aria-hidden=\"true\" class=\"wp-block-spacer eplus-wrapper\"><\/div>\n\n\n\n<p class=\"has-regular-font-size eplus-wrapper\">They use <strong>film-making<\/strong>, a relatable story that gives it plenty of space. It uses <strong>stereotypes<\/strong>, which means being on the spectrum, for activists is incorrect, but reasonable and functional. It uses <strong>icon<\/strong>, a soft sweatshirt that I wear until it falls apart, protects me from the world and gives me comfort, e.g. even when I rub her sleeve.<\/p>\n\n\n\n<div style=\"height:30px\" aria-hidden=\"true\" class=\"wp-block-spacer eplus-wrapper\"><\/div>\n\n\n\n<p class=\"has-regular-font-size eplus-wrapper\">They have other activities related to the campaign <strong>connected to community<\/strong>, although I see that more can be done there. I love the accompanying traveling exhibition \"Me and my favorite piece of clothing\". It shows the stories of different people on the spectrum, and at the same time it is equally engaging for those who are not on the spectrum, because clothes are fun for all young people.<\/p>\n\n\n\n<div style=\"height:30px\" aria-hidden=\"true\" class=\"wp-block-spacer eplus-wrapper\"><\/div>\n\n\n\n<p class=\"has-regular-font-size eplus-wrapper\">VANISH nie je zna\u010dka vych\u00e1dzaj\u00faca z vn\u00fatra komunity, aj tak\u00e9 s\u00fa, napr. HikiApp alebo Loop, ktor\u00e9 rast\u00fa z presved\u010denia, \u010do je dobr\u00e9 pre \u013eud\u00ed na spektre, m\u00f4\u017ee by\u0165 v kone\u010dnom d\u00f4sledku dobr\u00e9 pre hocikoho in\u00e9ho. No t\u00e9my sa VANISH zhostil dobre pre v\u0161etky z\u00fa\u010dastnen\u00e9 strany. \u013dudom na spektre z\u00e1le\u017e\u00ed na oble\u010den\u00ed, ale trochu inak ako v\u00e4\u010d\u0161ine. <strong>Z\u00e1le\u017e\u00ed n\u00e1m v prvom rade na tom, aby na\u0161e ob\u013e\u00faben\u00e9 kusy oble\u010denia vydr\u017eali \u010do najdlh\u0161ie, aby sa nemenili, zost\u00e1vali s nami a chr\u00e1nili n\u00e1s. VANISH v tejto potrebe na\u0161iel svoje miesto. <\/strong>Klob\u00fak dole.  <\/p>\n\n\n\n<p class=\"has-regular-font-size eplus-wrapper\">Anyone who has read this far has shown interest. I am grateful for that, I know it requires time and energy.<\/p>\n\n\n\n<p class=\"has-regular-font-size eplus-wrapper\">Krist\u00edna <\/p>","protected":false},"excerpt":{"rendered":"<p>Dnes je 2.apr\u00edl, medzin\u00e1rodn\u00fd de\u0148 autizmu. Je to de\u0148 osvety. Pre m\u0148a je osveta vyvol\u00e1vanie z\u00e1ujmu tam, kde ho je m\u00e1lo. Pod z\u00e1ujmom rozumiem zvedavos\u0165, vn\u00fatorn\u00fa potrebu spozna\u0165, za\u017ei\u0165, pochopi\u0165 alebo pozorne vypo\u010du\u0165. N\u00e1\u0161ho syna unschoolujeme, \u010do v praxi znamen\u00e1, \u017ee sa v u\u010den\u00ed riadi&hellip; <a class=\"read-more\" href=\"https:\/\/www.ideology.sk\/en\/2023\/04\/zaujem-a-ako-ho-vyvolat-nie-len-na-den-autizmu\/\">Read more<\/a><\/p>","protected":false},"author":3,"featured_media":5004,"comment_status":"closed","ping_status":"closed","sticky":false,"template":"","format":"standard","meta":{"om_disable_all_campaigns":false,"editor_plus_copied_stylings":"{}","_monsterinsights_skip_tracking":false,"_monsterinsights_sitenote_active":false,"_monsterinsights_sitenote_note":"","_monsterinsights_sitenote_category":0,"_jetpack_memberships_contains_paid_content":false,"footnotes":""},"categories":[56],"tags":[194,301,331,330,329,328,18],"class_list":["post-5000","post","type-post","status-publish","format-standard","has-post-thumbnail","hentry","category-blog","tag-autizmus","tag-branding","tag-denautizmu","tag-osveta","tag-vanish","tag-vvyznam","tag-znacka"],"aioseo_notices":[],"jetpack_sharing_enabled":true,"jetpack_featured_media_url":"https:\/\/www.ideology.sk\/wp-content\/uploads\/2023\/04\/clanok-aut-re.jpg","_links":{"self":[{"href":"https:\/\/www.ideology.sk\/en\/wp-json\/wp\/v2\/posts\/5000","targetHints":{"allow":["GET"]}}],"collection":[{"href":"https:\/\/www.ideology.sk\/en\/wp-json\/wp\/v2\/posts"}],"about":[{"href":"https:\/\/www.ideology.sk\/en\/wp-json\/wp\/v2\/types\/post"}],"author":[{"embeddable":true,"href":"https:\/\/www.ideology.sk\/en\/wp-json\/wp\/v2\/users\/3"}],"replies":[{"embeddable":true,"href":"https:\/\/www.ideology.sk\/en\/wp-json\/wp\/v2\/comments?post=5000"}],"version-history":[{"count":6,"href":"https:\/\/www.ideology.sk\/en\/wp-json\/wp\/v2\/posts\/5000\/revisions"}],"predecessor-version":[{"id":5010,"href":"https:\/\/www.ideology.sk\/en\/wp-json\/wp\/v2\/posts\/5000\/revisions\/5010"}],"wp:featuredmedia":[{"embeddable":true,"href":"https:\/\/www.ideology.sk\/en\/wp-json\/wp\/v2\/media\/5004"}],"wp:attachment":[{"href":"https:\/\/www.ideology.sk\/en\/wp-json\/wp\/v2\/media?parent=5000"}],"wp:term":[{"taxonomy":"category","embeddable":true,"href":"https:\/\/www.ideology.sk\/en\/wp-json\/wp\/v2\/categories?post=5000"},{"taxonomy":"post_tag","embeddable":true,"href":"https:\/\/www.ideology.sk\/en\/wp-json\/wp\/v2\/tags?post=5000"}],"curies":[{"name":"wp","href":"https:\/\/api.w.org\/{rel}","templated":true}]}}