{"id":813,"date":"2019-10-07T10:17:00","date_gmt":"2019-10-07T08:17:00","guid":{"rendered":"https:\/\/www.ideology.sk\/?p=813"},"modified":"2021-03-01T18:45:11","modified_gmt":"2021-03-01T17:45:11","slug":"ideology-by-the-parents","status":"publish","type":"post","link":"https:\/\/www.ideology.sk\/en\/2019\/10\/ideology-by-the-parents\/","title":{"rendered":"Ideology by The Parents"},"content":{"rendered":"<p class=\"has-small-font-size\">Ideol\u00f3gia nie je apri\u00f3rne zlo, \u010di zneu\u017eitie moci, hoc najzn\u00e1mej\u0161ie ideol\u00f3gie &#8211; fa\u0161izmus a komunizmus &#8211; navodzuj\u00fa pr\u00e1ve tento dojem. Ich prvky, od symbolov, cez in\u0161tit\u00facie a vysvetlenia sveta ukazuj\u00fa kam a\u017e ideol\u00f3gia v m\u00f4\u017ee siaha\u0165 a ako ve\u013emi vie ovplyvni\u0165 \u013eudsk\u00e9 spr\u00e1vanie. V pr\u00edpade spom\u00ednan\u00fdch ideol\u00f3gi\u00ed boli d\u00f4sledky pre \u013eud\u00ed zni\u010duj\u00face. <\/p>\n\n\n\n<!--more \u010c\u00edta\u0165 \u010falej-->\n\n\n\n<p class=\"has-small-font-size\">V\u00fdznam slova ideol\u00f3gia ale nie je nutn\u00e9 viaza\u0165 na politick\u00e9 koncepty. Ideol\u00f3gia je syst\u00e9m ak\u00fdchko\u013evek ide\u00ed, v\u00fdznamov zdie\u013ean\u00fdch a komunikovan\u00fdch \u013eu\u010fmi, ktor\u00e9 maj\u00fa z\u00e1sadn\u00fd dosah na ich \u017eivot. Nie je na\u0161im objavom, \u017ee sa idey v\u017edy \u0161\u00edria r\u00fdchlej\u0161ie a efekt\u00edvnej\u0161ie ne\u017e veci, a pr\u00e1ve pomocou ide\u00ed sa nov\u00e9 veci a zvyky integruj\u00fa do \u017eivota.  <\/p>\n\n\n\n<p class=\"has-small-font-size\">Od pokrvn\u00fdch, rodinn\u00fdch celkov sa \u013eu\u010fom postupne podarilo prepracova\u0165 k v\u00e4\u010d\u0161\u00edm kme\u0148om s vlastn\u00fdm totemom (centr\u00e1lnou ideou). Dnes fungujeme vo ve\u013ek\u00fdch celkoch, spolo\u010dnostiach, ktor\u00e9 bezpochyby dr\u017e\u00ed pohromade najm\u00e4 zdie\u013ean\u00e1 idea v\u00fdznamu pe\u0148az\u00ed, ale aj idea n\u00e1rodn\u00e9ho ur\u010denia, viery v Boha \u010di viera v slobodu. S\u00fa to pr\u00e1ve ideov\u00e9 r\u00e1mce, ktor\u00e9 u\u013eah\u010duj\u00fa komunik\u00e1ciu, zvy\u0161uj\u00fa porozumenie a zabezpe\u010duj\u00fa n\u00e1m spolu\u017eitie. Zmeny v spolo\u010dnostiach s\u00fa rovnako sprev\u00e1dzan\u00e1 ideol\u00f3giou, t\u00e1 im d\u00e1va zmysel a opodstatnenie. <\/p>\n\n\n\n<p class=\"has-small-font-size\">Jednoducho povedan\u00e9, <strong>neby\u0165 ideol\u00f3gi\u00ed, \u013eudia by nezdie\u013eali podobn\u00e9 hodnoty, neprikladali by v\u00fdznam rovnak\u00fdm veciam, ne\u017eili by podobn\u00fdm sp\u00f4sobom, a teda &#8211; nerozumeli by si. A \u010do viac, nenach\u00e1dzali by svoje miesto v spolo\u010dnosti a zmysel svojho \u017eivota. Ideol\u00f3gia m\u00e1 dosah do tej najosobnej\u0161ej roviny, do vn\u00edmania seba sam\u00e9ho a vz\u0165ahov, ktor\u00e9 n\u00e1s obklopuj\u00fa<\/strong> (napr. man\u017eelstvo je jedn\u00fdm z prejavov ideol\u00f3gie monogamie a kres\u0165anstva).  <\/p>\n\n\n\n<h2 class=\"wp-block-heading\">Ideol\u00f3gia v zna\u010dke<\/h2>\n\n\n\n<p class=\"has-small-font-size\">Soci\u00e1lne vedy \u013eud\u00ed nau\u010dili, \u017ee \u010dlovek je tvor nie len spolo\u010densk\u00fd ale aj kult\u00farny, resp. ideologick\u00fd. O to viac ideologick\u00fd, o \u010do viac je hmotne zabezpe\u010den\u00fd, hoc pr\u00edklady z kme\u0148ov\u00e9ho \u017eivota predkov \u013eud\u00ed \u010di \u017eivota v chudobn\u00fdch oblastiach sveta poukazuj\u00fa na fakt, \u017ee nedostatok statkov bol \u010dasto paradoxne sp\u00fa\u0161\u0165a\u010dom h\u013eadania nov\u00fdch ideov\u00fdch konceptov. <\/p>\n\n\n\n<p class=\"has-small-font-size\">S\u00fa\u010dasnos\u0165 pova\u017eujeme za t\u00fa najpestrej\u0161iu, najslobodnej\u0161iu a najbohat\u0161iu podobu spolo\u010dnosti. Z\u00e1rove\u0148 za pomerne zlo\u017eit\u00fa na orient\u00e1ciu, nest\u00e1lu a premenliv\u00fa. Aj v oblasti poznania sa vyn\u00e1ra nekone\u010dn\u00e9 mno\u017estvo alternat\u00edvnych pr\u00e1vd, ktor\u00e9 znejas\u0148uj\u00fa p\u00f4vodne pevn\u00e9 stavebn\u00e9 kamene na\u0161ej kult\u00fary \/ ideol\u00f3gie. Nov\u00e9 aj star\u00e9 ideov\u00e9 koncepty s\u00fa atrakt\u00edvnej\u0161ie ne\u017e inokedy a \u010dastej\u0161ie podliehaj\u00fa zmene. Id\u00fa na dra\u010dku. A tu m\u00e1 svoje miesto zna\u010dka.   <\/p>\n\n\n\n<p class=\"has-small-font-size\">Ideol\u00f3gia v zna\u010dke je to, \u010do ju dost\u00e1va \u013eu\u010fom pod ko\u017eu a nach\u00e1dza si svoje miesto v ich ka\u017edodennosti. Vn\u00e1\u0161a do \u017eivota v\u00fdznam. S ideologickou zna\u010dkou m\u00e1 aj to, \u017ee pijem nejak\u00fd n\u00e1poj, v\u00e4\u010d\u0161\u00ed v\u00fdznam, ako len uhasenie sm\u00e4du. Nesta\u010d\u00ed poveda\u0165 <strong>\u010do<\/strong>, je potrebn\u00e9 zodpoveda\u0165 <strong>pre\u010do<\/strong>. Samozrejme, pochopite\u013en\u00fdm jazykom, pomocou symbolov, skratiek a zn\u00e1mych kult\u00farnych a ideov\u00fdch prvkov. V\u010faka ideologick\u00e9mu marketingu zna\u010dka nie len reprodukuje a zachyt\u00e1va trendy, ale dok\u00e1\u017ee ich tvori\u0165. Men\u00ed spr\u00e1vanie \u013eud\u00ed a ich videnie okolit\u00e9ho sveta, vz\u0165ahov aj seba sam\u00e9ho.  <\/p>\n\n\n\n<p class=\"has-small-font-size\"><strong>Systematizovali sme ideol\u00f3giu ako n\u00e1stroj tvorby zna\u010dky a jej efekt\u00edvneho \u0161\u00edrenia medzi \u013eud\u00ed. Vytvorili sme model, ktor\u00fd v zna\u010dke odkryje viac rov\u00edn: od povrchovej symbolickej a\u017e po h\u013abkov\u00fa konat\u00edvnu &#8211; ktorej cie\u013eom je zmena spr\u00e1vania spotrebite\u013eov. Nezneu\u017e\u00edvame na\u0161e poznanie na \u0161\u00edrenie ide\u00ed, ktor\u00e9 pova\u017eujeme za nebezpe\u010dn\u00e9.  <\/strong><\/p>\n\n\n\n<h2 class=\"wp-block-heading\">The Parents: m\u00e1me 7 rokov<\/h2>\n\n\n\n<p class=\"has-small-font-size\">Niekedy to s nami nie je \u013eahk\u00e9, sme tvrdohlav\u00ed a otravn\u00ed neust\u00e1lou potrebou \u00eds\u0165 \u010falej a hlb\u0161ie do t\u00e9m a zadan\u00ed, ktor\u00e9 pred nami stoja. Neexistuje zadanie, ktor\u00e9 by sme od z\u00e1kladov nezmenili. Ka\u017ed\u00fd projekt n\u00e1m v\u0161ak prin\u00e1\u0161al aj mno\u017estvo provokuj\u00facich ot\u00e1zok, nezodpovedate\u013en\u00fdch \u0161tandardn\u00fdm marketingov\u00fdm uva\u017eovan\u00edm. <\/p>\n\n\n\n<p class=\"has-small-font-size\">Narazili sme na probl\u00e9m marketingovej technol\u00f3gie, ktor\u00e1 s\u00edce realitu popisuje, ale nerozumie jej. Vytv\u00e1ra svet uzavret\u00fd v sebe, ktor\u00fd sa najv\u00fdraznej\u0161ie prejavuje v oceneniach za kreativitu \u010di efektivitu reklamnej bran\u017ee. No na\u0161e korene s\u00fa v spolo\u010densk\u00fdch ved\u00e1ch a tam sa neust\u00e1le vraciame. Nie preto, aby sme h\u013eadali bezpe\u010dn\u00e9 \u00fato\u010disko v akademickom svete, ale naopak preto, aby sme svet marketingu otv\u00e1rali realite, \u013eudsk\u00fdm potreb\u00e1m a ideov\u00fdm svetom.<\/p>\n\n\n\n<p class=\"has-small-font-size\"><strong>Te\u00f3ria n\u00e1m nesta\u010d\u00ed. \u010co vieme, chceme vyu\u017ei\u0165 pri re\u00e1lnej pr\u00e1ci. Na\u0161e poznanie a z\u00e1ujem je hnac\u00edm motorom, ktor\u00fd dok\u00e1\u017ee vyrie\u0161i\u0165 mnoh\u00e9 komunika\u010dn\u00e9 a marketingove v\u00fdzvy.  Preto prin\u00e1\u0161ame <\/strong><em><strong>Ideol\u00f3giu<\/strong><\/em><strong> &#8211; cie\u013eavedom\u00fd a efekt\u00edvny n\u00e1stroj na strategick\u00e9 spravovanie zna\u010dky a jej marketingov\u00fdch aktiv\u00edt. <\/strong><\/p>","protected":false},"excerpt":{"rendered":"<p>Ideol\u00f3gia nie je apri\u00f3rne zlo, \u010di zneu\u017eitie moci, hoc najzn\u00e1mej\u0161ie ideol\u00f3gie &#8211; fa\u0161izmus a komunizmus &#8211; navodzuj\u00fa pr\u00e1ve tento dojem. Ich prvky, od symbolov, cez in\u0161tit\u00facie a vysvetlenia sveta ukazuj\u00fa kam a\u017e ideol\u00f3gia v m\u00f4\u017ee siaha\u0165 a ako ve\u013emi vie ovplyvni\u0165 \u013eudsk\u00e9 spr\u00e1vanie. V pr\u00edpade&hellip; <a class=\"read-more\" href=\"https:\/\/www.ideology.sk\/en\/2019\/10\/ideology-by-the-parents\/\">Read more<\/a><\/p>","protected":false},"author":3,"featured_media":2881,"comment_status":"closed","ping_status":"closed","sticky":false,"template":"","format":"standard","meta":{"om_disable_all_campaigns":false,"editor_plus_copied_stylings":"{}","_monsterinsights_skip_tracking":false,"_monsterinsights_sitenote_active":false,"_monsterinsights_sitenote_note":"","_monsterinsights_sitenote_category":0,"_jetpack_memberships_contains_paid_content":false,"footnotes":""},"categories":[56],"tags":[16,17,19,20,18],"class_list":["post-813","post","type-post","status-publish","format-standard","has-post-thumbnail","hentry","category-blog","tag-ideologia","tag-ideology","tag-komunikacna-strategia","tag-sociologia","tag-znacka"],"aioseo_notices":[],"jetpack_sharing_enabled":true,"jetpack_featured_media_url":"https:\/\/www.ideology.sk\/wp-content\/uploads\/2021\/03\/002.jpg","_links":{"self":[{"href":"https:\/\/www.ideology.sk\/en\/wp-json\/wp\/v2\/posts\/813","targetHints":{"allow":["GET"]}}],"collection":[{"href":"https:\/\/www.ideology.sk\/en\/wp-json\/wp\/v2\/posts"}],"about":[{"href":"https:\/\/www.ideology.sk\/en\/wp-json\/wp\/v2\/types\/post"}],"author":[{"embeddable":true,"href":"https:\/\/www.ideology.sk\/en\/wp-json\/wp\/v2\/users\/3"}],"replies":[{"embeddable":true,"href":"https:\/\/www.ideology.sk\/en\/wp-json\/wp\/v2\/comments?post=813"}],"version-history":[{"count":0,"href":"https:\/\/www.ideology.sk\/en\/wp-json\/wp\/v2\/posts\/813\/revisions"}],"wp:featuredmedia":[{"embeddable":true,"href":"https:\/\/www.ideology.sk\/en\/wp-json\/wp\/v2\/media\/2881"}],"wp:attachment":[{"href":"https:\/\/www.ideology.sk\/en\/wp-json\/wp\/v2\/media?parent=813"}],"wp:term":[{"taxonomy":"category","embeddable":true,"href":"https:\/\/www.ideology.sk\/en\/wp-json\/wp\/v2\/categories?post=813"},{"taxonomy":"post_tag","embeddable":true,"href":"https:\/\/www.ideology.sk\/en\/wp-json\/wp\/v2\/tags?post=813"}],"curies":[{"name":"wp","href":"https:\/\/api.w.org\/{rel}","templated":true}]}}